{"id":2791,"date":"2023-04-05T15:56:11","date_gmt":"2023-04-05T13:56:11","guid":{"rendered":"https:\/\/www.lagalerie38.com\/en\/?p=2791"},"modified":"2023-04-05T15:56:11","modified_gmt":"2023-04-05T13:56:11","slug":"crossed-views","status":"publish","type":"post","link":"https:\/\/www.lagalerie38.com\/en\/2023\/04\/05\/crossed-views\/","title":{"rendered":"Crossed views"},"content":{"rendered":"<p>The media BRUT crossed the views of artists Meriam Benkirane, Abdoulaye Konat\u00e9 and Barth\u00e9l\u00e9my Toguo, about the African art market, discover their visions in pictures!<\/p>\n<p>&nbsp;<\/p>\n<p><a href=\"https:\/\/www.brut.media\/fr\/entertainment\/ou-en-est-l-art-africain--b2dbb66e-e35d-496a-8088-833613f96144\">Video BRUT<\/a><\/p>\n<p><a href=\"https:\/\/www.francetvinfo.fr\/culture\/arts-expos\/art-contemporain\/video-art-africain-3-artistes-reviennent-sur-son-succes_5723855.html?fbclid=IwAR29tCjCtGjD1_s0RbW6OSiMX9EzpaD6BIUMyTSXXw6N9hcxJg84jyPCrFw\">Article FRANCE INFO<\/a><\/p>\n","protected":false},"excerpt":{"rendered":"<p>The media BRUT crossed the views of artists Meriam Benkirane, Abdoulaye Konat\u00e9 and Barth\u00e9l\u00e9my Toguo, about the African art market, discover their visions in pictures! &nbsp; Video BRUT Article FRANCE INFO<\/p>\n","protected":false},"author":6,"featured_media":2792,"comment_status":"open","ping_status":"open","sticky":false,"template":"","format":"standard","meta":{"_acf_changed":false,"footnotes":""},"categories":[1],"tags":[],"artistes":[],"class_list":["post-2791","post","type-post","status-publish","format-standard","has-post-thumbnail","hentry","category-non-classe","category-1","description-off"],"acf":[],"_links":{"self":[{"href":"https:\/\/www.lagalerie38.com\/en\/wp-json\/wp\/v2\/posts\/2791","targetHints":{"allow":["GET"]}}],"collection":[{"href":"https:\/\/www.lagalerie38.com\/en\/wp-json\/wp\/v2\/posts"}],"about":[{"href":"https:\/\/www.lagalerie38.com\/en\/wp-json\/wp\/v2\/types\/post"}],"author":[{"embeddable":true,"href":"https:\/\/www.lagalerie38.com\/en\/wp-json\/wp\/v2\/users\/6"}],"replies":[{"embeddable":true,"href":"https:\/\/www.lagalerie38.com\/en\/wp-json\/wp\/v2\/comments?post=2791"}],"version-history":[{"count":1,"href":"https:\/\/www.lagalerie38.com\/en\/wp-json\/wp\/v2\/posts\/2791\/revisions"}],"predecessor-version":[{"id":2793,"href":"https:\/\/www.lagalerie38.com\/en\/wp-json\/wp\/v2\/posts\/2791\/revisions\/2793"}],"wp:featuredmedia":[{"embeddable":true,"href":"https:\/\/www.lagalerie38.com\/en\/wp-json\/wp\/v2\/media\/2792"}],"wp:attachment":[{"href":"https:\/\/www.lagalerie38.com\/en\/wp-json\/wp\/v2\/media?parent=2791"}],"wp:term":[{"taxonomy":"category","embeddable":true,"href":"https:\/\/www.lagalerie38.com\/en\/wp-json\/wp\/v2\/categories?post=2791"},{"taxonomy":"post_tag","embeddable":true,"href":"https:\/\/www.lagalerie38.com\/en\/wp-json\/wp\/v2\/tags?post=2791"},{"taxonomy":"artistes","embeddable":true,"href":"https:\/\/www.lagalerie38.com\/en\/wp-json\/wp\/v2\/artistes?post=2791"}],"curies":[{"name":"wp","href":"https:\/\/api.w.org\/{rel}","templated":true}]}}