{"id":838,"date":"2020-04-07T17:45:49","date_gmt":"2020-04-07T15:45:49","guid":{"rendered":"https:\/\/www.lagalerie38.com\/?p=838"},"modified":"2020-04-07T17:45:49","modified_gmt":"2020-04-07T15:45:49","slug":"hamidi-tout-homme-doit-avoir-sa-part-de-silence-pour-retrouver-son-espace-de-liberte","status":"publish","type":"post","link":"https:\/\/www.lagalerie38.com\/en\/2020\/04\/07\/hamidi-tout-homme-doit-avoir-sa-part-de-silence-pour-retrouver-son-espace-de-liberte\/","title":{"rendered":"Hamidi : Tout homme doit avoir sa part de silence pour retrouver son espace de libert\u00e9"},"content":{"rendered":"<p>La galerie 38 qui f\u00eate bient\u00f4t ses 10 ans vous propose de continuer \u00e0 feuilleter son album de souvenirs.<br \/>\nEn 2011, nous avions entrepris un important travail de recherche autour de l\u2019\u0153uvre de Hamidi pour la pr\u00e9senter lors d\u2019une ambitieuse R\u00e9trospective qui posera un jalon essentiel dans l\u2019\u00e9tude des modernit\u00e9s marocaines.<\/p>\n<p>Nous vous proposons aujourd\u2019hui de red\u00e9couvrir le catalogue de la r\u00e9trospective quasi exhaustive que nous avions montr\u00e9e.<\/p>\n<p><a href=\"https:\/\/www.lagalerie38.com\/en\/wp-content\/uploads\/sites\/3\/2020\/04\/Catalogue-hamidi_compressed.pdf\" rel=\"noopener noreferrer\" target=\"_blank\">Vous pouvez t\u00e9l\u00e9charger le catalogue ici<\/a><\/p>\n","protected":false},"excerpt":{"rendered":"<p>La galerie 38 qui f\u00eate bient\u00f4t ses 10 ans vous propose de continuer \u00e0 feuilleter son album de souvenirs. En 2011, nous avions entrepris un important travail de recherche autour de l\u2019\u0153uvre de Hamidi pour la pr\u00e9senter lors d\u2019une ambitieuse R\u00e9trospective qui posera un jalon essentiel dans l\u2019\u00e9tude des modernit\u00e9s marocaines. Nous vous proposons aujourd\u2019hui&hellip;<\/p>\n","protected":false},"author":1,"featured_media":839,"comment_status":"closed","ping_status":"closed","sticky":false,"template":"","format":"standard","meta":{"_acf_changed":false,"footnotes":""},"categories":[2,3],"tags":[],"artistes":[21],"class_list":["post-838","post","type-post","status-publish","format-standard","has-post-thumbnail","hentry","category-actualites-artistes","category-actualites-galerie","artistes-hamidi","category-2","category-3","description-off"],"acf":[],"_links":{"self":[{"href":"https:\/\/www.lagalerie38.com\/en\/wp-json\/wp\/v2\/posts\/838","targetHints":{"allow":["GET"]}}],"collection":[{"href":"https:\/\/www.lagalerie38.com\/en\/wp-json\/wp\/v2\/posts"}],"about":[{"href":"https:\/\/www.lagalerie38.com\/en\/wp-json\/wp\/v2\/types\/post"}],"author":[{"embeddable":true,"href":"https:\/\/www.lagalerie38.com\/en\/wp-json\/wp\/v2\/users\/1"}],"replies":[{"embeddable":true,"href":"https:\/\/www.lagalerie38.com\/en\/wp-json\/wp\/v2\/comments?post=838"}],"version-history":[{"count":0,"href":"https:\/\/www.lagalerie38.com\/en\/wp-json\/wp\/v2\/posts\/838\/revisions"}],"wp:featuredmedia":[{"embeddable":true,"href":"https:\/\/www.lagalerie38.com\/en\/wp-json\/wp\/v2\/media\/839"}],"wp:attachment":[{"href":"https:\/\/www.lagalerie38.com\/en\/wp-json\/wp\/v2\/media?parent=838"}],"wp:term":[{"taxonomy":"category","embeddable":true,"href":"https:\/\/www.lagalerie38.com\/en\/wp-json\/wp\/v2\/categories?post=838"},{"taxonomy":"post_tag","embeddable":true,"href":"https:\/\/www.lagalerie38.com\/en\/wp-json\/wp\/v2\/tags?post=838"},{"taxonomy":"artistes","embeddable":true,"href":"https:\/\/www.lagalerie38.com\/en\/wp-json\/wp\/v2\/artistes?post=838"}],"curies":[{"name":"wp","href":"https:\/\/api.w.org\/{rel}","templated":true}]}}